{"id":243,"date":"2016-04-13T07:10:29","date_gmt":"2016-04-13T07:10:29","guid":{"rendered":"http:\/\/ieeps.edu.rs\/sr\/?p=243"},"modified":"2016-04-13T07:35:15","modified_gmt":"2016-04-13T07:35:15","slug":"poziv-za-ucesce-na-komenijus-ieeps-konferenciji-beograd-srbija","status":"publish","type":"post","link":"http:\/\/ieeps.pefja.kg.ac.rs\/sr\/?p=243","title":{"rendered":"Poziv za u\u010de\u0161\u0107e na Komenijus IEEPS konferenciji, Beograd, Srbija"},"content":{"rendered":"<p>Fakultet pedago\u0161kih nauka Univerziteta u Kragujevcu, Institut za pedago\u0161ka istra\u017eivanja u Beogradu i Zavod za unapre\u0111ivanje obrazovanja i vaspitanja, u okviru Komenijus IEEPS projekta \u201eUnapre\u0111ivanje obrazovne efektivnosti osnovnih \u0161kola\u201d, organizuju me\u0111unarodnu nau\u010dnu konferenciju \u201eUnapre\u0111ivanje kvaliteta obrazovanja u osnovnim \u0161kolama\u201d koja \u0107e se odr\u017eati 14. oktobra 2016. u Beogradu. Osnovni cil\u0458 konferencije je da promovi\u0161e nau\u010dno zasnovane nalaze o \u010diniocima kvalitetnog osnovno\u0161kolskog obrazovanja. Konferencija je usmerena na identifikovanje najzna\u010dajnijih faktora koji omogu\u0107avaju sticanje funkcionalnih znanja u\u010denika, razvijanje kriti\u010dkog mi\u0161l\u0458enja, motivacije i interesovanja i postizanje drugih pozitivnih obrazovnih ishoda. Namera je da ova konferencija podstakne otvoreni dijalog i bli\u017eu saradnju istra\u017eiva\u010da, donosilaca odluka, nastavnika, stru\u010dnih saradnika i direktora \u0161kola.<\/p>\n<p><a href=\"http:\/\/ieeps.pefja.kg.ac.rs\/sr\/wp-content\/uploads\/2016\/04\/pdf.png\"><img loading=\"lazy\" decoding=\"async\" class=\"alignnone size-full wp-image-249\" src=\"http:\/\/ieeps.pefja.kg.ac.rs\/sr\/wp-content\/uploads\/2016\/04\/pdf.png\" alt=\"pdf\" width=\"19\" height=\"25\" \/><\/a>\u00a0\u00a0<a href=\"http:\/\/ieeps.pefja.kg.ac.rs\/sr\/wp-content\/uploads\/2016\/04\/Poziv_Komenijus-2016.pdf\">Poziv za u\u010de\u0161\u0107e na me\u0111unarodnoj nau\u010dnoj konferenciji &#8211; Komenijus 2016<\/a><\/p>\n<p><a href=\"http:\/\/ieeps.pefja.kg.ac.rs\/sr\/wp-content\/uploads\/2016\/04\/docx.png\"><img loading=\"lazy\" decoding=\"async\" class=\"alignnone size-full wp-image-248\" src=\"http:\/\/ieeps.pefja.kg.ac.rs\/sr\/wp-content\/uploads\/2016\/04\/docx.png\" alt=\"docx\" width=\"25\" height=\"25\" \/><\/a>\u00a0<a href=\"http:\/\/ieeps.pefja.kg.ac.rs\/sr\/wp-content\/uploads\/2016\/04\/Prijava_Komenijus-2016.doc\">Prijava za u\u010de\u0161\u0107e na me\u0111unarodnoj nau\u010dnoj konferenciji &#8211; Komenijus 2016<\/a><\/p>\n","protected":false},"excerpt":{"rendered":"<p>Fakultet pedago\u0161kih nauka Univerziteta u Kragujevcu, Institut za pedago\u0161ka istra\u017eivanja u Beogradu i Zavod za unapre\u0111ivanje obrazovanja i vaspitanja, u okviru Komenijus IEEPS projekta \u201eUnapre\u0111ivanje obrazovne efektivnosti osnovnih \u0161kola\u201d, organizuju me\u0111unarodnu nau\u010dnu konferenciju \u201eUnapre\u0111ivanje kvaliteta obrazovanja u osnovnim \u0161kolama\u201d koja \u0107e se odr\u017eati 14. oktobra 2016. u Beogradu. Osnovni cil\u0458 konferencije je da promovi\u0161e nau\u010dno [&hellip;]<\/p>\n","protected":false},"author":1,"featured_media":0,"comment_status":"open","ping_status":"open","sticky":false,"template":"","format":"standard","meta":{"footnotes":""},"categories":[1],"tags":[],"class_list":["post-243","post","type-post","status-publish","format-standard","hentry","category-dogadaji"],"_links":{"self":[{"href":"http:\/\/ieeps.pefja.kg.ac.rs\/sr\/index.php?rest_route=\/wp\/v2\/posts\/243","targetHints":{"allow":["GET"]}}],"collection":[{"href":"http:\/\/ieeps.pefja.kg.ac.rs\/sr\/index.php?rest_route=\/wp\/v2\/posts"}],"about":[{"href":"http:\/\/ieeps.pefja.kg.ac.rs\/sr\/index.php?rest_route=\/wp\/v2\/types\/post"}],"author":[{"embeddable":true,"href":"http:\/\/ieeps.pefja.kg.ac.rs\/sr\/index.php?rest_route=\/wp\/v2\/users\/1"}],"replies":[{"embeddable":true,"href":"http:\/\/ieeps.pefja.kg.ac.rs\/sr\/index.php?rest_route=%2Fwp%2Fv2%2Fcomments&post=243"}],"version-history":[{"count":3,"href":"http:\/\/ieeps.pefja.kg.ac.rs\/sr\/index.php?rest_route=\/wp\/v2\/posts\/243\/revisions"}],"predecessor-version":[{"id":252,"href":"http:\/\/ieeps.pefja.kg.ac.rs\/sr\/index.php?rest_route=\/wp\/v2\/posts\/243\/revisions\/252"}],"wp:attachment":[{"href":"http:\/\/ieeps.pefja.kg.ac.rs\/sr\/index.php?rest_route=%2Fwp%2Fv2%2Fmedia&parent=243"}],"wp:term":[{"taxonomy":"category","embeddable":true,"href":"http:\/\/ieeps.pefja.kg.ac.rs\/sr\/index.php?rest_route=%2Fwp%2Fv2%2Fcategories&post=243"},{"taxonomy":"post_tag","embeddable":true,"href":"http:\/\/ieeps.pefja.kg.ac.rs\/sr\/index.php?rest_route=%2Fwp%2Fv2%2Ftags&post=243"}],"curies":[{"name":"wp","href":"https:\/\/api.w.org\/{rel}","templated":true}]}}